{"id":1431,"date":"2020-01-19T12:58:06","date_gmt":"2020-01-19T11:58:06","guid":{"rendered":"http:\/\/eutectic.fr\/?p=1431"},"modified":"2021-02-02T13:26:03","modified_gmt":"2021-02-02T12:26:03","slug":"1431","status":"publish","type":"post","link":"https:\/\/eutectic.fr\/?p=1431","title":{"rendered":""},"content":{"rendered":"<p>L&rsquo;Afep (association fran\u00e7aise pour les enfants pr\u00e9coces) organise une soir\u00e9e Contes \u00e0 la salle Galli\u00e9ni,\u00a012 rue Galli\u00e9ni \u00e0 Reims, le 28 janvier \u00e0 19h .\u00a0\u00a0\u00a0\u00a0\u00a0\u00a0\u00a0\u00a0\u00a0 Pascal Salzard du Collectif Artistique Eutectic y pr\u00e9sentera son spectacle : \u00a0\u00bb le pas sage du fou \u00a0\u00bb\u00a0.<\/p>\n<p><strong>Le sage dit des choses extraordinaire, le fou aussi.\u00a0\u00a0\u00a0\u00a0\u00a0\u00a0\u00a0\u00a0\u00a0\u00a0\u00a0\u00a0\u00a0\u00a0\u00a0\u00a0\u00a0\u00a0\u00a0\u00a0\u00a0\u00a0\u00a0\u00a0\u00a0\u00a0\u00a0\u00a0\u00a0\u00a0\u00a0\u00a0\u00a0\u00a0\u00a0\u00a0\u00a0\u00a0\u00a0\u00a0\u00a0\u00a0\u00a0\u00a0\u00a0\u00a0\u00a0\u00a0\u00a0\u00a0\u00a0\u00a0\u00a0\u00a0\u00a0 Le fou, on ne le croit pas. Le sage pas vraiment.\u00a0\u00a0\u00a0\u00a0\u00a0\u00a0\u00a0\u00a0\u00a0\u00a0\u00a0\u00a0\u00a0\u00a0\u00a0\u00a0\u00a0\u00a0\u00a0\u00a0\u00a0\u00a0\u00a0\u00a0\u00a0\u00a0\u00a0\u00a0\u00a0\u00a0\u00a0\u00a0\u00a0\u00a0\u00a0\u00a0\u00a0\u00a0\u00a0\u00a0\u00a0\u00a0\u00a0\u00a0\u00a0\u00a0\u00a0\u00a0\u00a0\u00a0\u00a0 Parfois un \u00a0conteur, \u00a0un peu fou, un peu sage, dit des folies pleines de sagesse et r\u00e9ciproquement.<\/strong><\/p>\n<p>Un enfant pr\u00e9coce n&rsquo;est pas un enfant sup\u00e9rieurement intelligent, simplement son intelligence ne correspond pas au normes de ceux qui l&rsquo;entourent. Un conteur n&rsquo;est pas un vieux monsieur qui raconte au coin de la chemin\u00e9e, seulement les pr\u00e9jug\u00e9s ont la peau dure .surdou\u00e9, idiot, ceci, cela, ne rangeons pas les humains dans des cases. Tout le monde est comme tout le monde , c&rsquo;est \u00e0 dire unique. Venez voyager dans l&rsquo;\u00e9motion et la fantaisie venez vous d\u00e9couvrir idiot et sage comme les h\u00e9ros de cette racont\u00e9e.<\/p>\n<p>Apr\u00e8s le spectacle on peu causer, m\u00eame si c&rsquo;est pure folie\u2026<\/p>\n<p>Entr\u00e9e : 8 euros et 6 euros (enfants &#8211; de 16ans)<\/p>\n<p><strong>Renseignement et r\u00e9servation : afep51.christelle@afep.asso.fr<\/strong><\/p>\n","protected":false},"excerpt":{"rendered":"<p>L&rsquo;Afep (association fran\u00e7aise pour les enfants pr\u00e9coces) organise une soir\u00e9e Contes \u00e0 la salle Galli\u00e9ni,\u00a012 rue Galli\u00e9ni \u00e0 Reims, le 28 janvier \u00e0 19h .\u00a0\u00a0\u00a0\u00a0\u00a0\u00a0\u00a0\u00a0\u00a0 Pascal Salzard du Collectif Artistique Eutectic y pr\u00e9sentera son spectacle : \u00a0\u00bb le pas sage du fou \u00a0\u00bb\u00a0. Le sage dit des choses extraordinaire, le fou aussi.\u00a0\u00a0\u00a0\u00a0\u00a0\u00a0\u00a0\u00a0\u00a0\u00a0\u00a0\u00a0\u00a0\u00a0\u00a0\u00a0\u00a0\u00a0\u00a0\u00a0\u00a0\u00a0\u00a0\u00a0\u00a0\u00a0\u00a0\u00a0\u00a0\u00a0\u00a0\u00a0\u00a0\u00a0\u00a0\u00a0\u00a0\u00a0\u00a0\u00a0\u00a0\u00a0\u00a0\u00a0\u00a0\u00a0\u00a0\u00a0\u00a0\u00a0\u00a0\u00a0\u00a0\u00a0\u00a0 Le fou, on &hellip; <\/p>\n<p class=\"link-more\"><a href=\"https:\/\/eutectic.fr\/?p=1431\" class=\"more-link\">Continuer la lecture<span class=\"screen-reader-text\"> de &laquo;&nbsp;&nbsp;&raquo;<\/span><\/a><\/p>\n","protected":false},"author":3,"featured_media":0,"comment_status":"closed","ping_status":"closed","sticky":false,"template":"","format":"standard","meta":[],"categories":[1],"tags":[],"_links":{"self":[{"href":"https:\/\/eutectic.fr\/index.php?rest_route=\/wp\/v2\/posts\/1431"}],"collection":[{"href":"https:\/\/eutectic.fr\/index.php?rest_route=\/wp\/v2\/posts"}],"about":[{"href":"https:\/\/eutectic.fr\/index.php?rest_route=\/wp\/v2\/types\/post"}],"author":[{"embeddable":true,"href":"https:\/\/eutectic.fr\/index.php?rest_route=\/wp\/v2\/users\/3"}],"replies":[{"embeddable":true,"href":"https:\/\/eutectic.fr\/index.php?rest_route=%2Fwp%2Fv2%2Fcomments&post=1431"}],"version-history":[{"count":1,"href":"https:\/\/eutectic.fr\/index.php?rest_route=\/wp\/v2\/posts\/1431\/revisions"}],"predecessor-version":[{"id":1438,"href":"https:\/\/eutectic.fr\/index.php?rest_route=\/wp\/v2\/posts\/1431\/revisions\/1438"}],"wp:attachment":[{"href":"https:\/\/eutectic.fr\/index.php?rest_route=%2Fwp%2Fv2%2Fmedia&parent=1431"}],"wp:term":[{"taxonomy":"category","embeddable":true,"href":"https:\/\/eutectic.fr\/index.php?rest_route=%2Fwp%2Fv2%2Fcategories&post=1431"},{"taxonomy":"post_tag","embeddable":true,"href":"https:\/\/eutectic.fr\/index.php?rest_route=%2Fwp%2Fv2%2Ftags&post=1431"}],"curies":[{"name":"wp","href":"https:\/\/api.w.org\/{rel}","templated":true}]}}